{"id":26149,"date":"2025-08-13T08:19:56","date_gmt":"2025-08-13T08:19:56","guid":{"rendered":"https:\/\/basqueluxury.com\/?p=26149"},"modified":"2025-08-14T08:14:50","modified_gmt":"2025-08-14T08:14:50","slug":"arteko-gallery-san-sebastians-iconic-art-gallery-moves-to-a-new-location-in-the-gros-district","status":"publish","type":"post","link":"https:\/\/basqueluxury.com\/en\/arteko-gallery-san-sebastians-iconic-art-gallery-moves-to-a-new-location-in-the-gros-district\/","title":{"rendered":"Arteko Gallery: San Sebasti\u00e1n&#8217;s iconic art gallery moves to a new location in the Gros District"},"content":{"rendered":"<p style=\"font-weight: 400;\">Arteko Gallery is embarking upon a new journey in 2025; an exciting expedition exploring art \u2013 one which began in 1996. The gallery&#8217;s great artistic adventure remains in full swing in the Gros District of San Sebasti\u00e1n. That&#8217;s where Arteko was born and, now, it has a new location in Gros. It is a 280 m<sup>2<\/sup> space\u00a0located at Calle las Dunas, number 1.<\/p>\n<p style=\"font-weight: 400;\">Arteko, which today is one of the most established galleries in the Basque Country, was founded with the aim of bringing art to the public: \u201cArt within everyone\u2019s reach\u201d is one of its mottos. Dedicated to the promotion and dissemination of the work of Basque, Spanish, and international artists, the gallery publishes its own books and graphic editions, collaborates with other local, national, and international entities, and pays special attention to the ever-changing world of culture, accepting all types of disciplines and visions and acting as a pioneer in different areas: the promotion of works on paper, the vindication of the presence of women in the art world, and a special interest in artist&#8217;s books. Another of their pioneering proposals is their look at digital art. To that end, one of the last exhibitions organized in Arteko&#8217;s previous space on Iparraguirre Street is quite noteworthy: a solo exhibition dedicated to electronic artist Jaime de los R\u00edos, a new technologies poet and contemporary of systemic society and cybernetic thinking. Slow and concise, his computational algorithms are activated through programming language on large LED fa\u00e7ades, as holograms, on screens, and in equations that do not require electricity. Arteko&#8217;s commitment to this &#8220;post-nature art&#8221; or &#8220;second-order biomimicry,&#8221; as it has been defined by critics, is yet another reason why the gallery has always been at the forefront of contemporary creation.<\/p>\n<p style=\"font-weight: 400;\">At a local level, one of the gallery&#8217;s features that set it apart is its commitment to group exhibitions within the framework of events taking place in the city of San Sebastian, aiming to familiarize the public with contemporary art: &#8220;Arteko City of San Sebasti\u00e1n,&#8221; &#8220;Festival at the Kursaal: A Tribute to Cinema,&#8221; &#8220;Aquarium 2000,&#8221; &#8220;Music-Opera-Verdi,&#8221; &#8220;Horses at the Hippodrome,&#8221; and &#8220;Contemporary Quijotes&#8221; (in 2005 on the occasion of the 400<sup>th<\/sup> anniversary of the publication of Don Quixote), as well as &#8220;Jazza-art&#8221; (on the 50<sup>th<\/sup> anniversary of Jazzaldia 2015) and the &#8220;Gastronomical.art&#8221; project (art and gastronomy \u2013 in 2016, the European Cultural Capital year) are some examples.<\/p>\n<p style=\"font-weight: 400;\">On a national level, Arteko undertakes activities with other Spanish galleries like Raquel Ponce, Jos\u00e9 Robles, Estiarte, La Caja Negra, SKL Gallery, Taller Gravura, Galer\u00eda Toro; with institutes like Artium, Huarte, Urdaibai, Casa Asia, Vallpalou Foundation; it also participates in fairs on a national level, like Estampa, De Arte, Just Mad, Masquelibros, Valencia Art, Foro Sur, Arte Santander, Sculto, Puro Arte Vigo, and Fig Bilbao. The gallery&#8217;s presence on the international scene dates back to 1999, with an exhibition by its artists at the Italarte Gallery in Rome. In 2000, the gallery attended the 52<sup>nd<\/sup> Frankfurt Book Fair where they presented &#8220;Recorrido&#8221; (&#8220;Journey&#8221;), one of their publications. Said publication shows an itinerary around the city of San Sebasti\u00e1n with drawings by Dora Salazar and a story by Bernardo Atxaga. Other notable publications include: &#8220;Sobre puentes, ventanas y fantasmas&#8221; (&#8220;On Bridges, Windows, and Ghosts,&#8221; 2008); &#8220;Cuentos para adultos&#8221; (&#8220;Stories for Adults,&#8221; 2011); and &#8220;Habitar desde el Arte&#8221; (&#8220;Living through Art,&#8221; 2020).<\/p>\n<p style=\"font-weight: 400;\">Subsequent participation in fairs has included, for example, KunstK\u00f6ln, Mia Fair Italy, and Arte Lisboa in Lisbon. Other activities worth highlighting abroad include: the participation of Ibon Mainar, an artist from San Sebasti\u00e1n, in Guimar\u00e3es, 2014 European Capital of Culture; the traveling exhibition &#8220;Arteko-Rome-Granada-Madrid,&#8221; with the publication &#8220;Lieder,&#8221; a tribute to romanticism that fuses music, art, and literature; as well as the exhibition &#8220;Cuadernos de Viaje&#8221; (&#8220;Travel Notes&#8221;) by Isabel Herguera at the Cervantes Institute in New Delhi in collaboration with the Etxepare Institute.<\/p>\n<p style=\"font-weight: 400;\">Arteko has presented the works of numerous established creators like Miquel Barcel\u00f3, Esther Ferrer, Elena Asins, Eduardo Chillida, Vicente Ameztoy, Jorge Oteiza, Rafael Ruiz Balerdi, Antoni T\u00e0pies, Manolo Vald\u00e9s, Andr\u00e9s Nagel, Mari Puri Herrero, Alfredo Alca\u00edn, Antonio Lorenzo, Marisa Gonz\u00e1lez, as well as international creators like the French Bernard Pourri\u00e8re and Matthieu Piffeteau, the German Evelyn Hellenschmidt, the Swiss HR Giger, Korean artists Kyungwoo Chun and Joo Myung Duck, the African Soly Cis\u00e9 and Amadou Camara Gu\u00e8ye, the Cuban Gustavo D\u00edaz Sosa, the Japanese Nori Ushijima, the Mexican Jan Hendrix, and Polish photographer Krzysztof Gieraltowski.<\/p>\n<p style=\"font-weight: 400;\">The gallery has also organized countless solo and group exhibitions in different disciplines with artists as important as Dora Salazar, Isabel Herguera, Monir, Jos\u00e9 Luis Zumeta, Marta C\u00e1rdenas, Ra\u00fal Urrutikoetxea, Marijose Recalde, \u00c1ngel Peris, Detritus, Esperanza Zabala, Javier Alkain, Enrique Brinkmann, Ibon Mainar, Eduardo Chillida Belzunce, Joxan Iza, Paco Aguilar, Diego Vasallo, Roskow, Jos\u00e9 Belmonte Rocandio, Juan Luis Goenaga, Ainize Txopitea, Jos\u00e9 Llanos, Don Herbert, Gonzalo Chillida, Bonifacio Alfonso, Koldobika Jauregi, Blami, and Juan Luis Baroja Collet.<\/p>\n<p style=\"font-weight: 400;\">Arteko \u2013which is part of the Institute of Contemporary Art, the San Sebasti\u00e1n Association of Contemporary Art Galleries, Women in the Visual Arts, the Contemporary Art Gallery Consortium, and San Sebasti\u00e1n Premium\u2013 continues its fascinating journey through art this year in its new location, a creative space full of imagination and inspiration.<\/p>\n<p>&nbsp;<\/p>\n<p style=\"font-weight: 400;\"><strong>Arteko<\/strong><\/p>\n<p style=\"font-weight: 400;\">Calle las Dunas 1, San Sebasti\u00e1n.<\/p>\n<p style=\"font-weight: 400;\">Tel.: <a href=\"tel:+34 943 297 545\"><strong>+34 943 297 545<\/strong><\/a><\/p>\n<p style=\"font-weight: 400;\"><a href=\"http:\/\/artekogallery.com\" target=\"_blank\" rel=\"noopener\">artekogallery.com<\/a><\/p>\n","protected":false},"excerpt":{"rendered":"<p>Arteko Gallery is embarking upon a new journey in 2025; an exciting expedition exploring art \u2013 one which began in 1996. The gallery&#8217;s great artistic adventure remains in full swing in the Gros District of San Sebasti\u00e1n. That&#8217;s where Arteko was born and, now, it has [&hellip;]<\/p>\n","protected":false},"author":1,"featured_media":26150,"comment_status":"open","ping_status":"open","sticky":false,"template":"","format":"standard","meta":{"_acf_changed":false,"footnotes":""},"categories":[392],"tags":[784,388],"class_list":["post-26149","post","type-post","status-publish","format-standard","has-post-thumbnail","hentry","category-artculture","tag-2025-en","tag-san-sebastian-en"],"acf":[],"_links":{"self":[{"href":"https:\/\/basqueluxury.com\/en\/wp-json\/wp\/v2\/posts\/26149","targetHints":{"allow":["GET"]}}],"collection":[{"href":"https:\/\/basqueluxury.com\/en\/wp-json\/wp\/v2\/posts"}],"about":[{"href":"https:\/\/basqueluxury.com\/en\/wp-json\/wp\/v2\/types\/post"}],"author":[{"embeddable":true,"href":"https:\/\/basqueluxury.com\/en\/wp-json\/wp\/v2\/users\/1"}],"replies":[{"embeddable":true,"href":"https:\/\/basqueluxury.com\/en\/wp-json\/wp\/v2\/comments?post=26149"}],"version-history":[{"count":4,"href":"https:\/\/basqueluxury.com\/en\/wp-json\/wp\/v2\/posts\/26149\/revisions"}],"predecessor-version":[{"id":26419,"href":"https:\/\/basqueluxury.com\/en\/wp-json\/wp\/v2\/posts\/26149\/revisions\/26419"}],"wp:featuredmedia":[{"embeddable":true,"href":"https:\/\/basqueluxury.com\/en\/wp-json\/wp\/v2\/media\/26150"}],"wp:attachment":[{"href":"https:\/\/basqueluxury.com\/en\/wp-json\/wp\/v2\/media?parent=26149"}],"wp:term":[{"taxonomy":"category","embeddable":true,"href":"https:\/\/basqueluxury.com\/en\/wp-json\/wp\/v2\/categories?post=26149"},{"taxonomy":"post_tag","embeddable":true,"href":"https:\/\/basqueluxury.com\/en\/wp-json\/wp\/v2\/tags?post=26149"}],"curies":[{"name":"wp","href":"https:\/\/api.w.org\/{rel}","templated":true}]}}