{"id":23799,"date":"2024-02-07T14:49:38","date_gmt":"2024-02-07T14:49:38","guid":{"rendered":"https:\/\/basqueluxury.com\/?p=23799"},"modified":"2024-02-07T14:52:49","modified_gmt":"2024-02-07T14:52:49","slug":"galas-the-big-names-in-pret-a-porter-from-italy-france-and-the-united-kingdom-meet-at-this-boutique-in-san-sebastian","status":"publish","type":"post","link":"https:\/\/basqueluxury.com\/en\/galas-the-big-names-in-pret-a-porter-from-italy-france-and-the-united-kingdom-meet-at-this-boutique-in-san-sebastian\/","title":{"rendered":"Galas: the big names in pr\u00eat-\u00e0-porter from Italy, France, and the United Kingdom meet at this boutique in San Sebasti\u00e1n"},"content":{"rendered":"<p style=\"font-weight: 400;\">Regarding <em>pr\u00eat-\u00e0-porter<\/em> fashion in the Basque Country, Galas has become a leader for both men and women who seek to stand out with garments from cutting-edge international brands. At their two boutiques, located in the center and in the Old Quarter of San Sebasti\u00e1n, Galas represents leading brands like Karl Lagerfeld, Pinko, and Kurt Geiger.<\/p>\n<p style=\"font-weight: 400;\">Founded in the 1980s by the king of fashion, the Karl Lagerfeld brand vindicates the legacy of its founder and maintains his essence, combining Parisian styles with a carefree, rock-chic look. The botique&#8217;s wide range of lifestyle collections includes pieces from the Rue St-Guillaume, Hotel Karl, Monogram, and Karl Ikonik lines \u2013 the latter line having a fun graphic feature that represents Lagerfeld dressed in his signature outfit: sunglasses, fingerless gloves, and a suit jacket. There is also a line of sustainable clothing and accessories which uses materials such as recycled leather, polyester from used PET bottles, recycled wool, nylon produced by recycling fishing nets, and cotton from post-consumer waste.<\/p>\n<p style=\"font-weight: 400;\">Pinko was also created in the 1980s \u2013in this case by Pietro Negra and Cristina Rubini\u2013 as a response to the fashion demands of an independent, strong, and sexy woman aware of her femininity and determined to express herself through her apparel choices. Since its creation, photographers such as Terry Richardson, Steven Klein, and Xavi Gordo have taken pictures of models like Naomi Campbell, Eva Herzigova, and Alessandra Ambrosio for Pinko, turning the brand into a globally recognizable icon.<\/p>\n<p style=\"font-weight: 400;\">The Kurt Geiger firm presents through its garments an inclusive and creative vision driven by kindness. Their in-house team of footwear and accessory designers has been creating original and unique designs for more than half a century, identifiable by the rainbow they use as the brand signature. The city of London, where the brand comes from, is present in the fabrics of their products and in the expressiveness of their designs. This British spirit, together with Pinko&#8217;s Italian style and Lagerfeld&#8217;s <em>je ne sais quoi<\/em>, make Galas a boutique with an array of <em>pr\u00eat-\u00e0-porter<\/em> options that encompass the latest trends from the main European fashion centers.<\/p>\n<p>&nbsp;<\/p>\n<p style=\"font-weight: 400;\"><strong>Galas<\/strong><\/p>\n<p style=\"font-weight: 400;\">Calle Getaria 4, San Sebasti\u00e1n.<\/p>\n<p style=\"font-weight: 400;\">Calle Ferm\u00edn Calbet\u00f3n 12, San Sebasti\u00e1n.<\/p>\n<p style=\"font-weight: 400;\"><a href=\"https:\/\/www.galasunnuevodonostia.es\" target=\"_blank\" rel=\"noopener\">galasunnuevodonostia.com<\/a><\/p>\n<p style=\"font-weight: 400;\">\n","protected":false},"excerpt":{"rendered":"<p>Regarding pr\u00eat-\u00e0-porter fashion in the Basque Country, Galas has become a leader for both men and women who seek to stand out with garments from cutting-edge international brands. At their two boutiques, located in the center and in the Old Quarter of San Sebasti\u00e1n, Galas represents [&hellip;]<\/p>\n","protected":false},"author":1,"featured_media":23792,"comment_status":"open","ping_status":"open","sticky":false,"template":"","format":"standard","meta":{"_acf_changed":false,"footnotes":""},"categories":[432],"tags":[764,388],"class_list":["post-23799","post","type-post","status-publish","format-standard","has-post-thumbnail","hentry","category-fashion","tag-2024-en","tag-san-sebastian-en"],"acf":[],"_links":{"self":[{"href":"https:\/\/basqueluxury.com\/en\/wp-json\/wp\/v2\/posts\/23799","targetHints":{"allow":["GET"]}}],"collection":[{"href":"https:\/\/basqueluxury.com\/en\/wp-json\/wp\/v2\/posts"}],"about":[{"href":"https:\/\/basqueluxury.com\/en\/wp-json\/wp\/v2\/types\/post"}],"author":[{"embeddable":true,"href":"https:\/\/basqueluxury.com\/en\/wp-json\/wp\/v2\/users\/1"}],"replies":[{"embeddable":true,"href":"https:\/\/basqueluxury.com\/en\/wp-json\/wp\/v2\/comments?post=23799"}],"version-history":[{"count":3,"href":"https:\/\/basqueluxury.com\/en\/wp-json\/wp\/v2\/posts\/23799\/revisions"}],"predecessor-version":[{"id":23802,"href":"https:\/\/basqueluxury.com\/en\/wp-json\/wp\/v2\/posts\/23799\/revisions\/23802"}],"wp:featuredmedia":[{"embeddable":true,"href":"https:\/\/basqueluxury.com\/en\/wp-json\/wp\/v2\/media\/23792"}],"wp:attachment":[{"href":"https:\/\/basqueluxury.com\/en\/wp-json\/wp\/v2\/media?parent=23799"}],"wp:term":[{"taxonomy":"category","embeddable":true,"href":"https:\/\/basqueluxury.com\/en\/wp-json\/wp\/v2\/categories?post=23799"},{"taxonomy":"post_tag","embeddable":true,"href":"https:\/\/basqueluxury.com\/en\/wp-json\/wp\/v2\/tags?post=23799"}],"curies":[{"name":"wp","href":"https:\/\/api.w.org\/{rel}","templated":true}]}}