{"id":20165,"date":"2022-02-10T08:20:14","date_gmt":"2022-02-10T08:20:14","guid":{"rendered":"https:\/\/basqueluxury.com\/?p=20165"},"modified":"2022-02-10T08:20:14","modified_gmt":"2022-02-10T08:20:14","slug":"the-artist-frederic-gutierrez-barde-is-able-to-use-his-latest-work-to-bring-together-the-earth-and-the-sky-the-human-and-the-divine","status":"publish","type":"post","link":"https:\/\/basqueluxury.com\/en\/the-artist-frederic-gutierrez-barde-is-able-to-use-his-latest-work-to-bring-together-the-earth-and-the-sky-the-human-and-the-divine\/","title":{"rendered":"The artist Fr\u00e9d\u00e9ric Guti\u00e9rrez Barde is able to use his latest work to bring together the Earth and the Sky; the human and the divine"},"content":{"rendered":"<p>Fr\u00e9d\u00e9ric Guti\u00e9rrez Barde is a sincere artist, true to himself and to his way of existing in the world and observing what is around him. His courage to face himself comes from his personal experience and life memories. The artist reflects on the human condition through his series \u201cRostros\u201d (Faces), featuring a variety of materials such as marble dust and metals to achieve enigmatic figuration, which brings the viewer to experience different emotions and sensations. That\u2019s what art is about: producing a catharsis, a shock to the soul. When his work is contemplated in a curious, open, and courageous way, there is that unique, deep, and sincere conversation between the artist, the piece, and the viewer.<\/p>\n<p>In his abstract work, black is the lead player and warmer-toned flashes can be seen behind the dark brush strokes of the foreground. His work represents deep and elegant painting in which light gives us a direction, a path, a meaning.<\/p>\n<p>Last year he presented the \u201cDeidades\u201d (Deities) series \u2013monochromatic faces made with pigments and wires\u2013 at the Barrena Palace of Ordizia. Through his art\u2019s simplicity, he is able to bring together the Earth and Heaven, the human and the divine. Every piece of art that is worthy of bearing his name is endowed with that special power to unite.<\/p>\n<p>&nbsp;<\/p>\n<p><strong>Fr\u00e9d\u00e9ric Guti\u00e9rrez Barde<\/strong><\/p>\n<p>Tel.: <strong>+34 685 837 393<\/strong><\/p>\n<p><a href=\"mailto:fredericgbarde@gmail.com\"><em>fredericgbarde@gmail.com<\/em><\/a><\/p>\n<p><a href=\"http:\/\/fgb-fredericgutierrezbarde.blogspot.com\" target=\"_blank\" rel=\"noopener noreferrer\">fgb-fredericgutierrezbarde.blogspot.com<\/a><\/p>\n","protected":false},"excerpt":{"rendered":"<p>Fr\u00e9d\u00e9ric Guti\u00e9rrez Barde is a sincere artist, true to himself and to his way of existing in the world and observing what is around him. His courage to face himself comes from his personal experience and life memories. The artist reflects on the human condition through [&hellip;]<\/p>\n","protected":false},"author":1,"featured_media":20166,"comment_status":"open","ping_status":"open","sticky":false,"template":"","format":"standard","meta":{"_acf_changed":false,"footnotes":""},"categories":[392],"tags":[701,414],"class_list":["post-20165","post","type-post","status-publish","format-standard","has-post-thumbnail","hentry","category-artculture","tag-2022-en","tag-urnieta-en"],"acf":[],"_links":{"self":[{"href":"https:\/\/basqueluxury.com\/en\/wp-json\/wp\/v2\/posts\/20165","targetHints":{"allow":["GET"]}}],"collection":[{"href":"https:\/\/basqueluxury.com\/en\/wp-json\/wp\/v2\/posts"}],"about":[{"href":"https:\/\/basqueluxury.com\/en\/wp-json\/wp\/v2\/types\/post"}],"author":[{"embeddable":true,"href":"https:\/\/basqueluxury.com\/en\/wp-json\/wp\/v2\/users\/1"}],"replies":[{"embeddable":true,"href":"https:\/\/basqueluxury.com\/en\/wp-json\/wp\/v2\/comments?post=20165"}],"version-history":[{"count":1,"href":"https:\/\/basqueluxury.com\/en\/wp-json\/wp\/v2\/posts\/20165\/revisions"}],"predecessor-version":[{"id":20168,"href":"https:\/\/basqueluxury.com\/en\/wp-json\/wp\/v2\/posts\/20165\/revisions\/20168"}],"wp:featuredmedia":[{"embeddable":true,"href":"https:\/\/basqueluxury.com\/en\/wp-json\/wp\/v2\/media\/20166"}],"wp:attachment":[{"href":"https:\/\/basqueluxury.com\/en\/wp-json\/wp\/v2\/media?parent=20165"}],"wp:term":[{"taxonomy":"category","embeddable":true,"href":"https:\/\/basqueluxury.com\/en\/wp-json\/wp\/v2\/categories?post=20165"},{"taxonomy":"post_tag","embeddable":true,"href":"https:\/\/basqueluxury.com\/en\/wp-json\/wp\/v2\/tags?post=20165"}],"curies":[{"name":"wp","href":"https:\/\/api.w.org\/{rel}","templated":true}]}}